{"id":3275,"date":"2013-06-03T11:32:01","date_gmt":"2013-06-03T10:32:01","guid":{"rendered":"https:\/\/www.bcnbaixavisio.com\/2019\/01\/18\/lestiu-i-els-usuaris-de-lents-de-contacte\/"},"modified":"2019-01-18T11:32:34","modified_gmt":"2019-01-18T10:32:34","slug":"lestiu-i-els-usuaris-de-lents-de-contacte","status":"publish","type":"post","link":"https:\/\/www.bcnbaixavisio.com\/ca\/2013\/06\/03\/lestiu-i-els-usuaris-de-lents-de-contacte\/","title":{"rendered":"L&#8217;estiu i els usuaris de lents de contacte"},"content":{"rendered":"<p>Per a poder gaudir aquest estiu d&#8217;una bona visi\u00f3 i a m\u00e9s segura, et donem una s\u00e8rie de recomanacions que poden ser del teu inter\u00e8s<\/p>\n<p>-Fes una revisi\u00f3 amb el teu \u00f2ptic o oftalm\u00f2leg abans de comen\u00e7ar el per\u00edode vacacional, per a saber com estan els teus ulls i poder seguir les seves recomanacions.<\/p>\n<p>-Els esports d&#8217;estiu \u00a0no estan renyits amb les lents de contacte, per\u00f2 si hem de tenir en compte totes les indicacions de seguretat.<\/p>\n<p style=\"text-align: center;\"><img loading=\"lazy\" class=\"aligncenter size-full wp-image-789\" alt=\"C\u00f3mo limpiar las lentillas\" title=\"C\u00f3mo limpiar las lentes de contacto\" src=\"http:\/\/www.bcnbaixavisio.com\/wp-content\/uploads\/2013\/06\/como-limpiar-las-lentillas.jpg\" width=\"370\" height=\"339\" srcset=\"https:\/\/www.bcnbaixavisio.com\/wp-content\/uploads\/2013\/06\/como-limpiar-las-lentillas.jpg 370w, https:\/\/www.bcnbaixavisio.com\/wp-content\/uploads\/2013\/06\/como-limpiar-las-lentillas-300x275.jpg 300w\" sizes=\"(max-width: 370px) 100vw, 370px\" \/><\/p>\n<h2>Com netejar les lents de contacte<\/h2>\n<p>Segueix aquesta guia pas a pas per a netejar les lents de contacte i consulta sempre les instruccions d&#8217;\u00fas dels l\u00edquids de conservaci\u00f3 que t&#8217;hagin recomanat.<\/p>\n<p>1. El millor moment per a netejar i desinfectar els lents de contacte tous reutilitzables \u00e9s immediatament despr\u00e9s de treure-te-les.<br \/>\n2. Col\u00b7loca\u00a0el lent\u00a0en el palmell de la m\u00e0, que ha d&#8217;estar neta i seca.<br \/>\n3. Aplica unes gotes de soluci\u00f3 de neteja di\u00e0ria i utilitza el dit petit per a fregar suaument la superf\u00edcie dels lents per totes dues cares.<br \/>\n4. Aclareix els lents amb la soluci\u00f3 i col\u00b7loca&#8217;ls en l&#8217;estoig per a lents.<br \/>\n5. Omple els dos compartiments de l&#8217;estoig per a lents amb la soluci\u00f3, col\u00b7loca les tapes i deixa&#8217;ls en remull fins al moment de canviar la soluci\u00f3 (aix\u00f2 dependr\u00e0 del l\u00edquid per a lents que utilitzis &#8211; consulta sempre les instruccions d&#8217;\u00fas per a saber el que has de fer).<\/p>\n<p><strong>No t&#8217;oblidis de netejar l&#8217;estoig per a les lents de contacte!<\/strong><\/p>\n<p>Tots som conscients de l&#8217;important que \u00e9s mantenir nets les lents de contacte, per\u00f2 et sorprendria saber quanta gent s&#8217;oblida de netejar l&#8217;estoig per a lents.<\/p>\n<p>L&#8217;estoig ha d&#8217;estar tan net com els lents de contacte, ja que al cap i a la fi, els lents estan molt temps en el seu interior. Segueix aquests senzills consells per a mantenir l&#8217;estoig en perfectes condicions de seguretat:<\/p>\n<p>Una vegada t&#8217;hagis posat les lents de contacte, buida tot el l\u00edquid de l&#8217;estoig.<\/p>\n<p>Neteja regularment l&#8217;estoig amb soluci\u00f3 desinfectant nova i deixa que s&#8217;assequi a l&#8217;aire cada dia (els microbis no es multipliquen en ambients secs).<\/p>\n<p>Canvia el teu estoig regularment, l&#8217;ideal \u00e9s fer-ho amb cada env\u00e0s de soluci\u00f3 de manteniment.<\/p>\n","protected":false},"excerpt":{"rendered":"<p>Per a poder gaudir aquest estiu d&#8217;una bona visi\u00f3 i a m\u00e9s segura, et donem una s\u00e8rie de recomanacions que poden ser del teu inter\u00e8s -Fes una revisi\u00f3 amb el teu \u00f2ptic o oftalm\u00f2leg abans de comen\u00e7ar el per\u00edode vacacional, per a saber com estan els teus ulls i poder seguir les seves recomanacions. -Els [&hellip;]<\/p>\n","protected":false},"author":1,"featured_media":0,"comment_status":"open","ping_status":"open","sticky":false,"template":"","format":"standard","meta":{"_et_pb_use_builder":"","_et_pb_old_content":"","_et_gb_content_width":""},"categories":[173],"tags":[259,211],"aioseo_notices":[],"aioseo_head":"\n\t\t<!-- All in One SEO 5.0.1.1 - aioseo.com -->\n\t<meta name=\"description\" content=\"Et donem uns consells b\u00e0sics per a mantenir les teves lents de contacte perfectes i poder gaudir durant l&#039;estiu d&#039;una bona visi\u00f3 i a m\u00e9s segura. Descobreix-los!\" \/>\n\t<meta name=\"robots\" content=\"max-image-preview:large\" \/>\n\t<meta name=\"author\" content=\"joan\"\/>\n\t<link rel=\"canonical\" href=\"https:\/\/www.bcnbaixavisio.com\/ca\/2013\/06\/03\/lestiu-i-els-usuaris-de-lents-de-contacte\/\" \/>\n\t<meta name=\"generator\" content=\"All in One SEO (AIOSEO) 5.0.1.1\" \/>\n\t\t<script type=\"application\/ld+json\" class=\"aioseo-schema\">\n\t\t\t{\"@context\":\"https:\\\/\\\/schema.org\",\"@graph\":[{\"@type\":\"Article\",\"@id\":\"https:\\\/\\\/www.bcnbaixavisio.com\\\/ca\\\/2013\\\/06\\\/03\\\/lestiu-i-els-usuaris-de-lents-de-contacte\\\/#article\",\"name\":\"L'estiu i les lents de contacte | BCNbaixavisio\",\"headline\":\"L&#8217;estiu i els usuaris de lents de contacte\",\"author\":{\"@id\":\"https:\\\/\\\/www.bcnbaixavisio.com\\\/ca\\\/author\\\/joan\\\/#author\"},\"publisher\":{\"@id\":\"https:\\\/\\\/www.bcnbaixavisio.com\\\/ca\\\/#organization\"},\"image\":{\"@type\":\"ImageObject\",\"url\":\"https:\\\/\\\/www.bcnbaixavisio.com\\\/wp-content\\\/uploads\\\/2013\\\/06\\\/como-limpiar-las-lentillas.jpg\",\"@id\":\"https:\\\/\\\/www.bcnbaixavisio.com\\\/ca\\\/2013\\\/06\\\/03\\\/lestiu-i-els-usuaris-de-lents-de-contacte\\\/#articleImage\",\"width\":370,\"height\":339,\"caption\":\"C\\u00f3mo limpiar las lentillas\"},\"datePublished\":\"2013-06-03T11:32:01+01:00\",\"dateModified\":\"2019-01-18T11:32:34+01:00\",\"inLanguage\":\"ca\",\"mainEntityOfPage\":{\"@id\":\"https:\\\/\\\/www.bcnbaixavisio.com\\\/ca\\\/2013\\\/06\\\/03\\\/lestiu-i-els-usuaris-de-lents-de-contacte\\\/#webpage\"},\"isPartOf\":{\"@id\":\"https:\\\/\\\/www.bcnbaixavisio.com\\\/ca\\\/2013\\\/06\\\/03\\\/lestiu-i-els-usuaris-de-lents-de-contacte\\\/#webpage\"},\"articleSection\":\"Noticies, estiu i lents, lents de contacte\"},{\"@type\":\"BreadcrumbList\",\"@id\":\"https:\\\/\\\/www.bcnbaixavisio.com\\\/ca\\\/2013\\\/06\\\/03\\\/lestiu-i-els-usuaris-de-lents-de-contacte\\\/#breadcrumblist\",\"itemListElement\":[{\"@type\":\"ListItem\",\"@id\":\"https:\\\/\\\/www.bcnbaixavisio.com\\\/ca\\\/#listItem\",\"position\":1,\"name\":\"Inicio\",\"item\":\"https:\\\/\\\/www.bcnbaixavisio.com\\\/ca\\\/\",\"nextItem\":{\"@type\":\"ListItem\",\"@id\":\"https:\\\/\\\/www.bcnbaixavisio.com\\\/ca\\\/category\\\/noticies\\\/#listItem\",\"name\":\"Noticies\"}},{\"@type\":\"ListItem\",\"@id\":\"https:\\\/\\\/www.bcnbaixavisio.com\\\/ca\\\/category\\\/noticies\\\/#listItem\",\"position\":2,\"name\":\"Noticies\",\"item\":\"https:\\\/\\\/www.bcnbaixavisio.com\\\/ca\\\/category\\\/noticies\\\/\",\"nextItem\":{\"@type\":\"ListItem\",\"@id\":\"https:\\\/\\\/www.bcnbaixavisio.com\\\/ca\\\/2013\\\/06\\\/03\\\/lestiu-i-els-usuaris-de-lents-de-contacte\\\/#listItem\",\"name\":\"L&#8217;estiu i els usuaris de lents de contacte\"},\"previousItem\":{\"@type\":\"ListItem\",\"@id\":\"https:\\\/\\\/www.bcnbaixavisio.com\\\/ca\\\/#listItem\",\"name\":\"Inicio\"}},{\"@type\":\"ListItem\",\"@id\":\"https:\\\/\\\/www.bcnbaixavisio.com\\\/ca\\\/2013\\\/06\\\/03\\\/lestiu-i-els-usuaris-de-lents-de-contacte\\\/#listItem\",\"position\":3,\"name\":\"L&#8217;estiu i els usuaris de lents de contacte\",\"previousItem\":{\"@type\":\"ListItem\",\"@id\":\"https:\\\/\\\/www.bcnbaixavisio.com\\\/ca\\\/category\\\/noticies\\\/#listItem\",\"name\":\"Noticies\"}}]},{\"@type\":\"Organization\",\"@id\":\"https:\\\/\\\/www.bcnbaixavisio.com\\\/ca\\\/#organization\",\"name\":\"BCNbaixavisio\",\"description\":\"\\u00d3ptica Barcelona\",\"url\":\"https:\\\/\\\/www.bcnbaixavisio.com\\\/ca\\\/\"},{\"@type\":\"Person\",\"@id\":\"https:\\\/\\\/www.bcnbaixavisio.com\\\/ca\\\/author\\\/joan\\\/#author\",\"url\":\"https:\\\/\\\/www.bcnbaixavisio.com\\\/ca\\\/author\\\/joan\\\/\",\"name\":\"joan\",\"image\":{\"@type\":\"ImageObject\",\"@id\":\"https:\\\/\\\/www.bcnbaixavisio.com\\\/ca\\\/2013\\\/06\\\/03\\\/lestiu-i-els-usuaris-de-lents-de-contacte\\\/#authorImage\",\"url\":\"https:\\\/\\\/secure.gravatar.com\\\/avatar\\\/7b7c1a6d9f855f4384d781a51d2f51a8?s=96&d=mm&r=g\",\"width\":96,\"height\":96,\"caption\":\"joan\"}},{\"@type\":\"WebPage\",\"@id\":\"https:\\\/\\\/www.bcnbaixavisio.com\\\/ca\\\/2013\\\/06\\\/03\\\/lestiu-i-els-usuaris-de-lents-de-contacte\\\/#webpage\",\"url\":\"https:\\\/\\\/www.bcnbaixavisio.com\\\/ca\\\/2013\\\/06\\\/03\\\/lestiu-i-els-usuaris-de-lents-de-contacte\\\/\",\"name\":\"L'estiu i les lents de contacte | BCNbaixavisio\",\"description\":\"Et donem uns consells b\\u00e0sics per a mantenir les teves lents de contacte perfectes i poder gaudir durant l'estiu d'una bona visi\\u00f3 i a m\\u00e9s segura. Descobreix-los!\",\"inLanguage\":\"ca\",\"isPartOf\":{\"@id\":\"https:\\\/\\\/www.bcnbaixavisio.com\\\/ca\\\/#website\"},\"breadcrumb\":{\"@id\":\"https:\\\/\\\/www.bcnbaixavisio.com\\\/ca\\\/2013\\\/06\\\/03\\\/lestiu-i-els-usuaris-de-lents-de-contacte\\\/#breadcrumblist\"},\"author\":{\"@id\":\"https:\\\/\\\/www.bcnbaixavisio.com\\\/ca\\\/author\\\/joan\\\/#author\"},\"creator\":{\"@id\":\"https:\\\/\\\/www.bcnbaixavisio.com\\\/ca\\\/author\\\/joan\\\/#author\"},\"datePublished\":\"2013-06-03T11:32:01+01:00\",\"dateModified\":\"2019-01-18T11:32:34+01:00\"},{\"@type\":\"WebSite\",\"@id\":\"https:\\\/\\\/www.bcnbaixavisio.com\\\/ca\\\/#website\",\"url\":\"https:\\\/\\\/www.bcnbaixavisio.com\\\/ca\\\/\",\"name\":\"BCNbaixavisio\",\"description\":\"\\u00d3ptica Barcelona\",\"inLanguage\":\"ca\",\"publisher\":{\"@id\":\"https:\\\/\\\/www.bcnbaixavisio.com\\\/ca\\\/#organization\"}}]}\n\t\t<\/script>\n\t\t<!-- All in One SEO -->\n\n","aioseo_head_json":{"title":"L'estiu i les lents de contacte | BCNbaixavisio","description":"Et donem uns consells b\u00e0sics per a mantenir les teves lents de contacte perfectes i poder gaudir durant l'estiu d'una bona visi\u00f3 i a m\u00e9s segura. Descobreix-los!","canonical_url":"https:\/\/www.bcnbaixavisio.com\/ca\/2013\/06\/03\/lestiu-i-els-usuaris-de-lents-de-contacte\/","robots":"max-image-preview:large","keywords":"","webmasterTools":{"miscellaneous":""},"schema":{"@context":"https:\/\/schema.org","@graph":[{"@type":"Article","@id":"https:\/\/www.bcnbaixavisio.com\/ca\/2013\/06\/03\/lestiu-i-els-usuaris-de-lents-de-contacte\/#article","name":"L'estiu i les lents de contacte | BCNbaixavisio","headline":"L&#8217;estiu i els usuaris de lents de contacte","author":{"@id":"https:\/\/www.bcnbaixavisio.com\/ca\/author\/joan\/#author"},"publisher":{"@id":"https:\/\/www.bcnbaixavisio.com\/ca\/#organization"},"image":{"@type":"ImageObject","url":"https:\/\/www.bcnbaixavisio.com\/wp-content\/uploads\/2013\/06\/como-limpiar-las-lentillas.jpg","@id":"https:\/\/www.bcnbaixavisio.com\/ca\/2013\/06\/03\/lestiu-i-els-usuaris-de-lents-de-contacte\/#articleImage","width":370,"height":339,"caption":"C\u00f3mo limpiar las lentillas"},"datePublished":"2013-06-03T11:32:01+01:00","dateModified":"2019-01-18T11:32:34+01:00","inLanguage":"ca","mainEntityOfPage":{"@id":"https:\/\/www.bcnbaixavisio.com\/ca\/2013\/06\/03\/lestiu-i-els-usuaris-de-lents-de-contacte\/#webpage"},"isPartOf":{"@id":"https:\/\/www.bcnbaixavisio.com\/ca\/2013\/06\/03\/lestiu-i-els-usuaris-de-lents-de-contacte\/#webpage"},"articleSection":"Noticies, estiu i lents, lents de contacte"},{"@type":"BreadcrumbList","@id":"https:\/\/www.bcnbaixavisio.com\/ca\/2013\/06\/03\/lestiu-i-els-usuaris-de-lents-de-contacte\/#breadcrumblist","itemListElement":[{"@type":"ListItem","@id":"https:\/\/www.bcnbaixavisio.com\/ca\/#listItem","position":1,"name":"Inicio","item":"https:\/\/www.bcnbaixavisio.com\/ca\/","nextItem":{"@type":"ListItem","@id":"https:\/\/www.bcnbaixavisio.com\/ca\/category\/noticies\/#listItem","name":"Noticies"}},{"@type":"ListItem","@id":"https:\/\/www.bcnbaixavisio.com\/ca\/category\/noticies\/#listItem","position":2,"name":"Noticies","item":"https:\/\/www.bcnbaixavisio.com\/ca\/category\/noticies\/","nextItem":{"@type":"ListItem","@id":"https:\/\/www.bcnbaixavisio.com\/ca\/2013\/06\/03\/lestiu-i-els-usuaris-de-lents-de-contacte\/#listItem","name":"L&#8217;estiu i els usuaris de lents de contacte"},"previousItem":{"@type":"ListItem","@id":"https:\/\/www.bcnbaixavisio.com\/ca\/#listItem","name":"Inicio"}},{"@type":"ListItem","@id":"https:\/\/www.bcnbaixavisio.com\/ca\/2013\/06\/03\/lestiu-i-els-usuaris-de-lents-de-contacte\/#listItem","position":3,"name":"L&#8217;estiu i els usuaris de lents de contacte","previousItem":{"@type":"ListItem","@id":"https:\/\/www.bcnbaixavisio.com\/ca\/category\/noticies\/#listItem","name":"Noticies"}}]},{"@type":"Organization","@id":"https:\/\/www.bcnbaixavisio.com\/ca\/#organization","name":"BCNbaixavisio","description":"\u00d3ptica Barcelona","url":"https:\/\/www.bcnbaixavisio.com\/ca\/"},{"@type":"Person","@id":"https:\/\/www.bcnbaixavisio.com\/ca\/author\/joan\/#author","url":"https:\/\/www.bcnbaixavisio.com\/ca\/author\/joan\/","name":"joan","image":{"@type":"ImageObject","@id":"https:\/\/www.bcnbaixavisio.com\/ca\/2013\/06\/03\/lestiu-i-els-usuaris-de-lents-de-contacte\/#authorImage","url":"https:\/\/secure.gravatar.com\/avatar\/7b7c1a6d9f855f4384d781a51d2f51a8?s=96&d=mm&r=g","width":96,"height":96,"caption":"joan"}},{"@type":"WebPage","@id":"https:\/\/www.bcnbaixavisio.com\/ca\/2013\/06\/03\/lestiu-i-els-usuaris-de-lents-de-contacte\/#webpage","url":"https:\/\/www.bcnbaixavisio.com\/ca\/2013\/06\/03\/lestiu-i-els-usuaris-de-lents-de-contacte\/","name":"L'estiu i les lents de contacte | BCNbaixavisio","description":"Et donem uns consells b\u00e0sics per a mantenir les teves lents de contacte perfectes i poder gaudir durant l'estiu d'una bona visi\u00f3 i a m\u00e9s segura. Descobreix-los!","inLanguage":"ca","isPartOf":{"@id":"https:\/\/www.bcnbaixavisio.com\/ca\/#website"},"breadcrumb":{"@id":"https:\/\/www.bcnbaixavisio.com\/ca\/2013\/06\/03\/lestiu-i-els-usuaris-de-lents-de-contacte\/#breadcrumblist"},"author":{"@id":"https:\/\/www.bcnbaixavisio.com\/ca\/author\/joan\/#author"},"creator":{"@id":"https:\/\/www.bcnbaixavisio.com\/ca\/author\/joan\/#author"},"datePublished":"2013-06-03T11:32:01+01:00","dateModified":"2019-01-18T11:32:34+01:00"},{"@type":"WebSite","@id":"https:\/\/www.bcnbaixavisio.com\/ca\/#website","url":"https:\/\/www.bcnbaixavisio.com\/ca\/","name":"BCNbaixavisio","description":"\u00d3ptica Barcelona","inLanguage":"ca","publisher":{"@id":"https:\/\/www.bcnbaixavisio.com\/ca\/#organization"}}]}},"aioseo_meta_data":{"post_id":"3275","title":"L'estiu i les lents de contacte | #site_title","description":"Et donem uns consells b\u00e0sics per a mantenir les teves lents de contacte perfectes i poder gaudir durant l'estiu d'una bona visi\u00f3 i a m\u00e9s segura. Descobreix-los!","keywords":null,"keyphrases":null,"primary_term":null,"canonical_url":null,"og_title":null,"og_description":null,"og_object_type":"default","og_image_type":"default","og_image_url":null,"og_image_width":null,"og_image_height":null,"og_image_custom_url":null,"og_image_custom_fields":null,"og_video":null,"og_custom_url":null,"og_article_section":null,"og_article_tags":null,"twitter_use_og":false,"twitter_card":"default","twitter_image_type":"default","twitter_image_url":null,"twitter_image_custom_url":null,"twitter_image_custom_fields":null,"twitter_title":null,"twitter_description":null,"schema":{"blockGraphs":[],"customGraphs":[],"default":{"data":{"Article":[],"Course":[],"Dataset":[],"FAQPage":[],"Movie":[],"Person":[],"Product":[],"ProductReview":[],"Car":[],"Recipe":[],"Service":[],"SoftwareApplication":[],"WebPage":[]},"graphName":"","isEnabled":true},"graphs":[],"defaultGraph":"","defaultPostTypeGraph":""},"schema_type":null,"schema_type_options":null,"pillar_content":false,"robots_default":true,"robots_noindex":false,"robots_noarchive":false,"robots_nosnippet":false,"robots_nofollow":false,"robots_noimageindex":false,"robots_noodp":false,"robots_notranslate":false,"robots_max_snippet":null,"robots_max_videopreview":null,"robots_max_imagepreview":"large","priority":null,"frequency":null,"local_seo":null,"breadcrumb_settings":null,"limit_modified_date":false,"ai":null,"created":"2020-12-22 21:40:41","updated":"2025-06-04 01:05:55","seo_analyzer_scan_date":null,"focus_keyword":null,"additional_keywords":null,"truseo_locale":null},"aioseo_breadcrumb":"<div class=\"aioseo-breadcrumbs\"><span class=\"aioseo-breadcrumb\">\n\t\t\t<a href=\"https:\/\/www.bcnbaixavisio.com\/ca\/\" title=\"Inicio\">Inicio<\/a>\n\t\t<\/span><span class=\"aioseo-breadcrumb-separator\">&raquo;<\/span><span class=\"aioseo-breadcrumb\">\n\t\t\t<a href=\"https:\/\/www.bcnbaixavisio.com\/ca\/category\/noticies\/\" title=\"Noticies\">Noticies<\/a>\n\t\t<\/span><span class=\"aioseo-breadcrumb-separator\">&raquo;<\/span><span class=\"aioseo-breadcrumb\">\n\t\t\tL\u2019estiu i els usuaris de lents de contacte\n\t\t<\/span><\/div>","aioseo_breadcrumb_json":[{"label":"Inicio","link":"https:\/\/www.bcnbaixavisio.com\/ca\/"},{"label":"Noticies","link":"https:\/\/www.bcnbaixavisio.com\/ca\/category\/noticies\/"},{"label":"L&#8217;estiu i els usuaris de lents de contacte","link":"https:\/\/www.bcnbaixavisio.com\/ca\/2013\/06\/03\/lestiu-i-els-usuaris-de-lents-de-contacte\/"}],"_links":{"self":[{"href":"https:\/\/www.bcnbaixavisio.com\/ca\/wp-json\/wp\/v2\/posts\/3275"}],"collection":[{"href":"https:\/\/www.bcnbaixavisio.com\/ca\/wp-json\/wp\/v2\/posts"}],"about":[{"href":"https:\/\/www.bcnbaixavisio.com\/ca\/wp-json\/wp\/v2\/types\/post"}],"author":[{"embeddable":true,"href":"https:\/\/www.bcnbaixavisio.com\/ca\/wp-json\/wp\/v2\/users\/1"}],"replies":[{"embeddable":true,"href":"https:\/\/www.bcnbaixavisio.com\/ca\/wp-json\/wp\/v2\/comments?post=3275"}],"version-history":[{"count":1,"href":"https:\/\/www.bcnbaixavisio.com\/ca\/wp-json\/wp\/v2\/posts\/3275\/revisions"}],"predecessor-version":[{"id":3276,"href":"https:\/\/www.bcnbaixavisio.com\/ca\/wp-json\/wp\/v2\/posts\/3275\/revisions\/3276"}],"wp:attachment":[{"href":"https:\/\/www.bcnbaixavisio.com\/ca\/wp-json\/wp\/v2\/media?parent=3275"}],"wp:term":[{"taxonomy":"category","embeddable":true,"href":"https:\/\/www.bcnbaixavisio.com\/ca\/wp-json\/wp\/v2\/categories?post=3275"},{"taxonomy":"post_tag","embeddable":true,"href":"https:\/\/www.bcnbaixavisio.com\/ca\/wp-json\/wp\/v2\/tags?post=3275"}],"curies":[{"name":"wp","href":"https:\/\/api.w.org\/{rel}","templated":true}]}}